{"id":3875,"date":"2025-04-13T19:19:07","date_gmt":"2025-04-13T17:19:07","guid":{"rendered":"https:\/\/denicey.com\/?p=3875"},"modified":"2025-04-13T19:19:23","modified_gmt":"2025-04-13T17:19:23","slug":"21-05-25-06-23-07-our-bike-ride-are-coming-back","status":"publish","type":"post","link":"https:\/\/denicey.com\/en\/21-05-25-06-23-07-our-bike-ride-are-coming-back\/","title":{"rendered":"21\/05 -25\/06 -23\/07 Our bike ride are coming back !"},"content":{"rendered":"<div id='gallery-1' class='gallery galleryid-3875 gallery-columns-2 gallery-size-thumbnail'><figure class='gallery-item'>\n\t\t\t<div class='gallery-icon landscape'>\n\t\t\t\t<a href='https:\/\/denicey.com\/wp-content\/uploads\/2025\/04\/balade-canal-hte-seine-scaled.jpg'><img decoding=\"async\" width=\"150\" height=\"150\" src=\"https:\/\/denicey.com\/wp-content\/uploads\/2025\/04\/balade-canal-hte-seine-150x150.jpg\" class=\"attachment-thumbnail size-thumbnail\" alt=\"\" aria-describedby=\"gallery-1-3869\" \/><\/a>\n\t\t\t<\/div>\n\t\t\t\t<figcaption class='wp-caption-text gallery-caption' id='gallery-1-3869'>\n\t\t\t\tLe long de la v\u00e9lo voie \n\t\t\t\t<\/figcaption><\/figure><figure class='gallery-item'>\n\t\t\t<div class='gallery-icon landscape'>\n\t\t\t\t<a href='https:\/\/denicey.com\/wp-content\/uploads\/2025\/04\/IMG_0212-scaled.jpg'><img decoding=\"async\" width=\"150\" height=\"150\" src=\"https:\/\/denicey.com\/wp-content\/uploads\/2025\/04\/IMG_0212-150x150.jpg\" class=\"attachment-thumbnail size-thumbnail\" alt=\"\" aria-describedby=\"gallery-1-3867\" \/><\/a>\n\t\t\t<\/div>\n\t\t\t\t<figcaption class='wp-caption-text gallery-caption' id='gallery-1-3867'>\n\t\t\t\tA travers le vignoble \n\t\t\t\t<\/figcaption><\/figure><figure class='gallery-item'>\n\t\t\t<div class='gallery-icon landscape'>\n\t\t\t\t<a href='https:\/\/denicey.com\/wp-content\/uploads\/2025\/04\/IMG_0310-scaled.jpg'><img decoding=\"async\" width=\"150\" height=\"150\" src=\"https:\/\/denicey.com\/wp-content\/uploads\/2025\/04\/IMG_0310-150x150.jpg\" class=\"attachment-thumbnail size-thumbnail\" alt=\"\" aria-describedby=\"gallery-1-3865\" \/><\/a>\n\t\t\t<\/div>\n\t\t\t\t<figcaption class='wp-caption-text gallery-caption' id='gallery-1-3865'>\n\t\t\t\tUn pique nique r\u00e9confortant pendant la balade \u00e0 v\u00e9lo\n\t\t\t\t<\/figcaption><\/figure><figure class='gallery-item'>\n\t\t\t<div class='gallery-icon portrait'>\n\t\t\t\t<a href='https:\/\/denicey.com\/wp-content\/uploads\/2025\/04\/20230702_111223-scaled.jpg'><img loading=\"lazy\" decoding=\"async\" width=\"150\" height=\"150\" src=\"https:\/\/denicey.com\/wp-content\/uploads\/2025\/04\/20230702_111223-150x150.jpg\" class=\"attachment-thumbnail size-thumbnail\" alt=\"\" aria-describedby=\"gallery-1-3871\" \/><\/a>\n\t\t\t<\/div>\n\t\t\t\t<figcaption class='wp-caption-text gallery-caption' id='gallery-1-3871'>\n\t\t\t\tLes petits chemins de la for\u00eat\n\t\t\t\t<\/figcaption><\/figure>\n\t\t<\/div>\n\n<h2><\/h2>\n<h2 style=\"text-align: center;\">21\/05 &#8211; 25\/06 &#8211; 23\/07<br \/>\nOur bike ride are coming back !<\/h2>\n<p>Discover Champagne, near the river Seine during an evening with Laurence and her team. Bike ride with an electric bike ( from group Re Cycle) the vineyards of Coteaux du S\u00e9zannais, share a moment with a winegrower and finish with a picnic.<\/p>\n<p>Booking required<br \/>\nLimited places<br \/>\nPrice<\/p>\n","protected":false},"excerpt":{"rendered":"<p>21\/05 &#8211; 25\/06 &#8211; 23\/07 Our bike ride are coming back ! Discover Champagne, near the river Seine during an evening with Laurence and her team. Bike ride with an electric bike ( from group Re Cycle) the vineyards of Coteaux du S\u00e9zannais, share a moment with a winegrower and finish with a picnic. Booking [&hellip;]<\/p>\n","protected":false},"author":2,"featured_media":3869,"comment_status":"closed","ping_status":"closed","sticky":false,"template":"","format":"standard","meta":{"footnotes":""},"categories":[33],"tags":[],"class_list":["post-3875","post","type-post","status-publish","format-standard","has-post-thumbnail","hentry","category-event"],"yoast_head":"<!-- This site is optimized with the Yoast SEO plugin v27.5 - https:\/\/yoast.com\/product\/yoast-seo-wordpress\/ -->\n<title>21\/05 -25\/06 -23\/07 Our bike ride are coming back ! - Denicey<\/title>\n<meta name=\"robots\" content=\"index, follow, max-snippet:-1, max-image-preview:large, max-video-preview:-1\" \/>\n<link rel=\"canonical\" href=\"https:\/\/denicey.com\/en\/21-05-25-06-23-07-our-bike-ride-are-coming-back\/\" \/>\n<meta property=\"og:locale\" content=\"en_US\" \/>\n<meta property=\"og:type\" content=\"article\" \/>\n<meta property=\"og:title\" content=\"21\/05 -25\/06 -23\/07 Our bike ride are coming back ! - Denicey\" \/>\n<meta property=\"og:description\" content=\"21\/05 &#8211; 25\/06 &#8211; 23\/07 Our bike ride are coming back ! Discover Champagne, near the river Seine during an evening with Laurence and her team. Bike ride with an electric bike ( from group Re Cycle) the vineyards of Coteaux du S\u00e9zannais, share a moment with a winegrower and finish with a picnic. Booking [&hellip;]\" \/>\n<meta property=\"og:url\" content=\"https:\/\/denicey.com\/en\/21-05-25-06-23-07-our-bike-ride-are-coming-back\/\" \/>\n<meta property=\"og:site_name\" content=\"Denicey\" \/>\n<meta property=\"article:publisher\" content=\"https:\/\/www.facebook.com\/auberge.nicey\" \/>\n<meta property=\"article:published_time\" content=\"2025-04-13T17:19:07+00:00\" \/>\n<meta property=\"article:modified_time\" content=\"2025-04-13T17:19:23+00:00\" \/>\n<meta property=\"og:image\" content=\"https:\/\/denicey.com\/wp-content\/uploads\/2025\/04\/balade-canal-hte-seine-scaled.jpg\" \/>\n\t<meta property=\"og:image:width\" content=\"2560\" \/>\n\t<meta property=\"og:image:height\" content=\"1702\" \/>\n\t<meta property=\"og:image:type\" content=\"image\/jpeg\" \/>\n<meta name=\"author\" content=\"Laurence Ferry\" \/>\n<meta name=\"twitter:card\" content=\"summary_large_image\" \/>\n<meta name=\"twitter:label1\" content=\"Written by\" \/>\n\t<meta name=\"twitter:data1\" content=\"Laurence Ferry\" \/>\n\t<meta name=\"twitter:label2\" content=\"Est. reading time\" \/>\n\t<meta name=\"twitter:data2\" content=\"1 minute\" \/>\n<script type=\"application\/ld+json\" class=\"yoast-schema-graph\">{\"@context\":\"https:\\\/\\\/schema.org\",\"@graph\":[{\"@type\":\"Article\",\"@id\":\"https:\\\/\\\/denicey.com\\\/en\\\/21-05-25-06-23-07-our-bike-ride-are-coming-back\\\/#article\",\"isPartOf\":{\"@id\":\"https:\\\/\\\/denicey.com\\\/en\\\/21-05-25-06-23-07-our-bike-ride-are-coming-back\\\/\"},\"author\":{\"name\":\"Laurence Ferry\",\"@id\":\"https:\\\/\\\/denicey.com\\\/en\\\/#\\\/schema\\\/person\\\/155401acda23a78b76ccd5a4c509ba8c\"},\"headline\":\"21\\\/05 -25\\\/06 -23\\\/07 Our bike ride are coming back !\",\"datePublished\":\"2025-04-13T17:19:07+00:00\",\"dateModified\":\"2025-04-13T17:19:23+00:00\",\"mainEntityOfPage\":{\"@id\":\"https:\\\/\\\/denicey.com\\\/en\\\/21-05-25-06-23-07-our-bike-ride-are-coming-back\\\/\"},\"wordCount\":68,\"publisher\":{\"@id\":\"https:\\\/\\\/denicey.com\\\/en\\\/#organization\"},\"image\":{\"@id\":\"https:\\\/\\\/denicey.com\\\/en\\\/21-05-25-06-23-07-our-bike-ride-are-coming-back\\\/#primaryimage\"},\"thumbnailUrl\":\"https:\\\/\\\/denicey.com\\\/wp-content\\\/uploads\\\/2025\\\/04\\\/balade-canal-hte-seine-scaled.jpg\",\"articleSection\":[\"Event\"],\"inLanguage\":\"en-US\"},{\"@type\":\"WebPage\",\"@id\":\"https:\\\/\\\/denicey.com\\\/en\\\/21-05-25-06-23-07-our-bike-ride-are-coming-back\\\/\",\"url\":\"https:\\\/\\\/denicey.com\\\/en\\\/21-05-25-06-23-07-our-bike-ride-are-coming-back\\\/\",\"name\":\"21\\\/05 -25\\\/06 -23\\\/07 Our bike ride are coming back ! - Denicey\",\"isPartOf\":{\"@id\":\"https:\\\/\\\/denicey.com\\\/en\\\/#website\"},\"primaryImageOfPage\":{\"@id\":\"https:\\\/\\\/denicey.com\\\/en\\\/21-05-25-06-23-07-our-bike-ride-are-coming-back\\\/#primaryimage\"},\"image\":{\"@id\":\"https:\\\/\\\/denicey.com\\\/en\\\/21-05-25-06-23-07-our-bike-ride-are-coming-back\\\/#primaryimage\"},\"thumbnailUrl\":\"https:\\\/\\\/denicey.com\\\/wp-content\\\/uploads\\\/2025\\\/04\\\/balade-canal-hte-seine-scaled.jpg\",\"datePublished\":\"2025-04-13T17:19:07+00:00\",\"dateModified\":\"2025-04-13T17:19:23+00:00\",\"breadcrumb\":{\"@id\":\"https:\\\/\\\/denicey.com\\\/en\\\/21-05-25-06-23-07-our-bike-ride-are-coming-back\\\/#breadcrumb\"},\"inLanguage\":\"en-US\",\"potentialAction\":[{\"@type\":\"ReadAction\",\"target\":[\"https:\\\/\\\/denicey.com\\\/en\\\/21-05-25-06-23-07-our-bike-ride-are-coming-back\\\/\"]}]},{\"@type\":\"ImageObject\",\"inLanguage\":\"en-US\",\"@id\":\"https:\\\/\\\/denicey.com\\\/en\\\/21-05-25-06-23-07-our-bike-ride-are-coming-back\\\/#primaryimage\",\"url\":\"https:\\\/\\\/denicey.com\\\/wp-content\\\/uploads\\\/2025\\\/04\\\/balade-canal-hte-seine-scaled.jpg\",\"contentUrl\":\"https:\\\/\\\/denicey.com\\\/wp-content\\\/uploads\\\/2025\\\/04\\\/balade-canal-hte-seine-scaled.jpg\",\"width\":2560,\"height\":1702,\"caption\":\"Le long de la v\u00e9lo voie\"},{\"@type\":\"BreadcrumbList\",\"@id\":\"https:\\\/\\\/denicey.com\\\/en\\\/21-05-25-06-23-07-our-bike-ride-are-coming-back\\\/#breadcrumb\",\"itemListElement\":[{\"@type\":\"ListItem\",\"position\":1,\"name\":\"Accueil\",\"item\":\"https:\\\/\\\/denicey.com\\\/en\\\/\"},{\"@type\":\"ListItem\",\"position\":2,\"name\":\"21\\\/05 -25\\\/06 -23\\\/07 Our bike ride are coming back !\"}]},{\"@type\":\"WebSite\",\"@id\":\"https:\\\/\\\/denicey.com\\\/en\\\/#website\",\"url\":\"https:\\\/\\\/denicey.com\\\/en\\\/\",\"name\":\"Nicey\",\"description\":\"Hotel Spa Lounge Coworking Nicey\",\"publisher\":{\"@id\":\"https:\\\/\\\/denicey.com\\\/en\\\/#organization\"},\"potentialAction\":[{\"@type\":\"SearchAction\",\"target\":{\"@type\":\"EntryPoint\",\"urlTemplate\":\"https:\\\/\\\/denicey.com\\\/en\\\/?s={search_term_string}\"},\"query-input\":{\"@type\":\"PropertyValueSpecification\",\"valueRequired\":true,\"valueName\":\"search_term_string\"}}],\"inLanguage\":\"en-US\"},{\"@type\":\"Organization\",\"@id\":\"https:\\\/\\\/denicey.com\\\/en\\\/#organization\",\"name\":\"Nicey\",\"url\":\"https:\\\/\\\/denicey.com\\\/en\\\/\",\"logo\":{\"@type\":\"ImageObject\",\"inLanguage\":\"en-US\",\"@id\":\"https:\\\/\\\/denicey.com\\\/en\\\/#\\\/schema\\\/logo\\\/image\\\/\",\"url\":\"http:\\\/\\\/denicey.com\\\/wp-content\\\/uploads\\\/2020\\\/11\\\/Logo-signature_RVB.png\",\"contentUrl\":\"http:\\\/\\\/denicey.com\\\/wp-content\\\/uploads\\\/2020\\\/11\\\/Logo-signature_RVB.png\",\"width\":2267,\"height\":775,\"caption\":\"Nicey\"},\"image\":{\"@id\":\"https:\\\/\\\/denicey.com\\\/en\\\/#\\\/schema\\\/logo\\\/image\\\/\"},\"sameAs\":[\"https:\\\/\\\/www.facebook.com\\\/auberge.nicey\"]},{\"@type\":\"Person\",\"@id\":\"https:\\\/\\\/denicey.com\\\/en\\\/#\\\/schema\\\/person\\\/155401acda23a78b76ccd5a4c509ba8c\",\"name\":\"Laurence Ferry\",\"image\":{\"@type\":\"ImageObject\",\"inLanguage\":\"en-US\",\"@id\":\"https:\\\/\\\/secure.gravatar.com\\\/avatar\\\/129b43cb1c9ac2c29c48497787a1c50c2409c636ccf1b8bce70ffccbe66df838?s=96&d=mm&r=g\",\"url\":\"https:\\\/\\\/secure.gravatar.com\\\/avatar\\\/129b43cb1c9ac2c29c48497787a1c50c2409c636ccf1b8bce70ffccbe66df838?s=96&d=mm&r=g\",\"contentUrl\":\"https:\\\/\\\/secure.gravatar.com\\\/avatar\\\/129b43cb1c9ac2c29c48497787a1c50c2409c636ccf1b8bce70ffccbe66df838?s=96&d=mm&r=g\",\"caption\":\"Laurence Ferry\"}}]}<\/script>\n<!-- \/ Yoast SEO plugin. -->","yoast_head_json":{"title":"21\/05 -25\/06 -23\/07 Our bike ride are coming back ! - Denicey","robots":{"index":"index","follow":"follow","max-snippet":"max-snippet:-1","max-image-preview":"max-image-preview:large","max-video-preview":"max-video-preview:-1"},"canonical":"https:\/\/denicey.com\/en\/21-05-25-06-23-07-our-bike-ride-are-coming-back\/","og_locale":"en_US","og_type":"article","og_title":"21\/05 -25\/06 -23\/07 Our bike ride are coming back ! - Denicey","og_description":"21\/05 &#8211; 25\/06 &#8211; 23\/07 Our bike ride are coming back ! Discover Champagne, near the river Seine during an evening with Laurence and her team. Bike ride with an electric bike ( from group Re Cycle) the vineyards of Coteaux du S\u00e9zannais, share a moment with a winegrower and finish with a picnic. Booking [&hellip;]","og_url":"https:\/\/denicey.com\/en\/21-05-25-06-23-07-our-bike-ride-are-coming-back\/","og_site_name":"Denicey","article_publisher":"https:\/\/www.facebook.com\/auberge.nicey","article_published_time":"2025-04-13T17:19:07+00:00","article_modified_time":"2025-04-13T17:19:23+00:00","og_image":[{"width":2560,"height":1702,"url":"https:\/\/denicey.com\/wp-content\/uploads\/2025\/04\/balade-canal-hte-seine-scaled.jpg","type":"image\/jpeg"}],"author":"Laurence Ferry","twitter_card":"summary_large_image","twitter_misc":{"Written by":"Laurence Ferry","Est. reading time":"1 minute"},"schema":{"@context":"https:\/\/schema.org","@graph":[{"@type":"Article","@id":"https:\/\/denicey.com\/en\/21-05-25-06-23-07-our-bike-ride-are-coming-back\/#article","isPartOf":{"@id":"https:\/\/denicey.com\/en\/21-05-25-06-23-07-our-bike-ride-are-coming-back\/"},"author":{"name":"Laurence Ferry","@id":"https:\/\/denicey.com\/en\/#\/schema\/person\/155401acda23a78b76ccd5a4c509ba8c"},"headline":"21\/05 -25\/06 -23\/07 Our bike ride are coming back !","datePublished":"2025-04-13T17:19:07+00:00","dateModified":"2025-04-13T17:19:23+00:00","mainEntityOfPage":{"@id":"https:\/\/denicey.com\/en\/21-05-25-06-23-07-our-bike-ride-are-coming-back\/"},"wordCount":68,"publisher":{"@id":"https:\/\/denicey.com\/en\/#organization"},"image":{"@id":"https:\/\/denicey.com\/en\/21-05-25-06-23-07-our-bike-ride-are-coming-back\/#primaryimage"},"thumbnailUrl":"https:\/\/denicey.com\/wp-content\/uploads\/2025\/04\/balade-canal-hte-seine-scaled.jpg","articleSection":["Event"],"inLanguage":"en-US"},{"@type":"WebPage","@id":"https:\/\/denicey.com\/en\/21-05-25-06-23-07-our-bike-ride-are-coming-back\/","url":"https:\/\/denicey.com\/en\/21-05-25-06-23-07-our-bike-ride-are-coming-back\/","name":"21\/05 -25\/06 -23\/07 Our bike ride are coming back ! - Denicey","isPartOf":{"@id":"https:\/\/denicey.com\/en\/#website"},"primaryImageOfPage":{"@id":"https:\/\/denicey.com\/en\/21-05-25-06-23-07-our-bike-ride-are-coming-back\/#primaryimage"},"image":{"@id":"https:\/\/denicey.com\/en\/21-05-25-06-23-07-our-bike-ride-are-coming-back\/#primaryimage"},"thumbnailUrl":"https:\/\/denicey.com\/wp-content\/uploads\/2025\/04\/balade-canal-hte-seine-scaled.jpg","datePublished":"2025-04-13T17:19:07+00:00","dateModified":"2025-04-13T17:19:23+00:00","breadcrumb":{"@id":"https:\/\/denicey.com\/en\/21-05-25-06-23-07-our-bike-ride-are-coming-back\/#breadcrumb"},"inLanguage":"en-US","potentialAction":[{"@type":"ReadAction","target":["https:\/\/denicey.com\/en\/21-05-25-06-23-07-our-bike-ride-are-coming-back\/"]}]},{"@type":"ImageObject","inLanguage":"en-US","@id":"https:\/\/denicey.com\/en\/21-05-25-06-23-07-our-bike-ride-are-coming-back\/#primaryimage","url":"https:\/\/denicey.com\/wp-content\/uploads\/2025\/04\/balade-canal-hte-seine-scaled.jpg","contentUrl":"https:\/\/denicey.com\/wp-content\/uploads\/2025\/04\/balade-canal-hte-seine-scaled.jpg","width":2560,"height":1702,"caption":"Le long de la v\u00e9lo voie"},{"@type":"BreadcrumbList","@id":"https:\/\/denicey.com\/en\/21-05-25-06-23-07-our-bike-ride-are-coming-back\/#breadcrumb","itemListElement":[{"@type":"ListItem","position":1,"name":"Accueil","item":"https:\/\/denicey.com\/en\/"},{"@type":"ListItem","position":2,"name":"21\/05 -25\/06 -23\/07 Our bike ride are coming back !"}]},{"@type":"WebSite","@id":"https:\/\/denicey.com\/en\/#website","url":"https:\/\/denicey.com\/en\/","name":"Nicey","description":"Hotel Spa Lounge Coworking Nicey","publisher":{"@id":"https:\/\/denicey.com\/en\/#organization"},"potentialAction":[{"@type":"SearchAction","target":{"@type":"EntryPoint","urlTemplate":"https:\/\/denicey.com\/en\/?s={search_term_string}"},"query-input":{"@type":"PropertyValueSpecification","valueRequired":true,"valueName":"search_term_string"}}],"inLanguage":"en-US"},{"@type":"Organization","@id":"https:\/\/denicey.com\/en\/#organization","name":"Nicey","url":"https:\/\/denicey.com\/en\/","logo":{"@type":"ImageObject","inLanguage":"en-US","@id":"https:\/\/denicey.com\/en\/#\/schema\/logo\/image\/","url":"http:\/\/denicey.com\/wp-content\/uploads\/2020\/11\/Logo-signature_RVB.png","contentUrl":"http:\/\/denicey.com\/wp-content\/uploads\/2020\/11\/Logo-signature_RVB.png","width":2267,"height":775,"caption":"Nicey"},"image":{"@id":"https:\/\/denicey.com\/en\/#\/schema\/logo\/image\/"},"sameAs":["https:\/\/www.facebook.com\/auberge.nicey"]},{"@type":"Person","@id":"https:\/\/denicey.com\/en\/#\/schema\/person\/155401acda23a78b76ccd5a4c509ba8c","name":"Laurence Ferry","image":{"@type":"ImageObject","inLanguage":"en-US","@id":"https:\/\/secure.gravatar.com\/avatar\/129b43cb1c9ac2c29c48497787a1c50c2409c636ccf1b8bce70ffccbe66df838?s=96&d=mm&r=g","url":"https:\/\/secure.gravatar.com\/avatar\/129b43cb1c9ac2c29c48497787a1c50c2409c636ccf1b8bce70ffccbe66df838?s=96&d=mm&r=g","contentUrl":"https:\/\/secure.gravatar.com\/avatar\/129b43cb1c9ac2c29c48497787a1c50c2409c636ccf1b8bce70ffccbe66df838?s=96&d=mm&r=g","caption":"Laurence Ferry"}}]}},"_links":{"self":[{"href":"https:\/\/denicey.com\/en\/wp-json\/wp\/v2\/posts\/3875","targetHints":{"allow":["GET"]}}],"collection":[{"href":"https:\/\/denicey.com\/en\/wp-json\/wp\/v2\/posts"}],"about":[{"href":"https:\/\/denicey.com\/en\/wp-json\/wp\/v2\/types\/post"}],"author":[{"embeddable":true,"href":"https:\/\/denicey.com\/en\/wp-json\/wp\/v2\/users\/2"}],"replies":[{"embeddable":true,"href":"https:\/\/denicey.com\/en\/wp-json\/wp\/v2\/comments?post=3875"}],"version-history":[{"count":1,"href":"https:\/\/denicey.com\/en\/wp-json\/wp\/v2\/posts\/3875\/revisions"}],"predecessor-version":[{"id":3876,"href":"https:\/\/denicey.com\/en\/wp-json\/wp\/v2\/posts\/3875\/revisions\/3876"}],"wp:featuredmedia":[{"embeddable":true,"href":"https:\/\/denicey.com\/en\/wp-json\/wp\/v2\/media\/3869"}],"wp:attachment":[{"href":"https:\/\/denicey.com\/en\/wp-json\/wp\/v2\/media?parent=3875"}],"wp:term":[{"taxonomy":"category","embeddable":true,"href":"https:\/\/denicey.com\/en\/wp-json\/wp\/v2\/categories?post=3875"},{"taxonomy":"post_tag","embeddable":true,"href":"https:\/\/denicey.com\/en\/wp-json\/wp\/v2\/tags?post=3875"}],"curies":[{"name":"wp","href":"https:\/\/api.w.org\/{rel}","templated":true}]}}